{"id":20723,"date":"2024-02-06T15:38:17","date_gmt":"2024-02-06T14:38:17","guid":{"rendered":"https:\/\/croatian-photography.com\/?p=20723"},"modified":"2024-05-22T10:17:50","modified_gmt":"2024-05-22T08:17:50","slug":"ana-cavic-neja-tomsic-a-sea-of-myths","status":"publish","type":"post","link":"https:\/\/croatian-photography.com\/en\/ana-cavic-neja-tomsic-a-sea-of-myths\/","title":{"rendered":"Ana \u010cavi\u0107 &#038; Neja Tom\u0161i\u010d: &#8220;A Sea of Myths&#8221;"},"content":{"rendered":"<p style=\"font-weight: 400;\">The Spot Gallery and the Office for Photography invite you to the opening of the exhibition <strong><em>A Sea of Myths<\/em><\/strong> by Slovenian artists <strong>Ana \u010cavi\u0107<\/strong> and <strong>Neja Tom\u0161i\u010d<\/strong>, which will be held on <strong>Monday, 12 February 2024<\/strong>, at <strong>7:00 p.m.<\/strong> The presentation of photography books with guest Jaka Babnik from the publishing house Rostfrei, as well as a reading performance by Ana \u010cavi\u0107 and a performance lecture by Neja Tom\u0161i\u010d will take place on <strong>Friday, 1 March, at 7:00 p.m.<\/strong> The exhibition will remain open until Friday, 8 March 2024.<\/p>\n<div id=\"attachment_20715\" class=\"wp-caption alignnone\" ><img loading=\"lazy\" decoding=\"async\" width=\"2560\" height=\"1702\" class=\"wp-image-20715 size-full\" src=\"https:\/\/croatian-photography.com\/wp-content\/uploads\/2024\/02\/Firing_of_the_Noonday_Gun_1350939358-scaled.jpg\" alt=\"\" srcset=\"https:\/\/croatian-photography.com\/wp-content\/uploads\/2024\/02\/Firing_of_the_Noonday_Gun_1350939358-scaled.jpg 2560w, https:\/\/croatian-photography.com\/wp-content\/uploads\/2024\/02\/Firing_of_the_Noonday_Gun_1350939358-300x199.jpg 300w, https:\/\/croatian-photography.com\/wp-content\/uploads\/2024\/02\/Firing_of_the_Noonday_Gun_1350939358-1024x681.jpg 1024w, https:\/\/croatian-photography.com\/wp-content\/uploads\/2024\/02\/Firing_of_the_Noonday_Gun_1350939358-768x511.jpg 768w, https:\/\/croatian-photography.com\/wp-content\/uploads\/2024\/02\/Firing_of_the_Noonday_Gun_1350939358-1536x1021.jpg 1536w, https:\/\/croatian-photography.com\/wp-content\/uploads\/2024\/02\/Firing_of_the_Noonday_Gun_1350939358-2048x1362.jpg 2048w, https:\/\/croatian-photography.com\/wp-content\/uploads\/2024\/02\/Firing_of_the_Noonday_Gun_1350939358-245x163.jpg 245w, https:\/\/croatian-photography.com\/wp-content\/uploads\/2024\/02\/Firing_of_the_Noonday_Gun_1350939358-350x233.jpg 350w\" sizes=\"(max-width: 2560px) 100vw, 2560px\" \/><p class=\"wp-caption-text\">Neja Tom\u0161i\u010d, The Noonday Gun, Hong Kong, China (Photo: edwin.11 \/ CC BY 2.0)<\/p><\/div>\n<h3><\/h3>\n<h3><b>Photography as text, as performance, story\u2026\u00a0<\/b><\/h3>\n<p><span style=\"font-weight: 400;\">Bringing together the seemingly impossible, telling a story not only for its content, but also owing to the way the artists lead into the narratives they have appropriated or written based on earlier research, could perhaps be the summary of this exhibition. How to encapsulate the artistic work of Ana \u010cavi\u0107 and Neja Tom\u0161i\u010d, while maintaining a focus on photography, which is, after all, our common interest?<\/span><\/p>\n<p><span style=\"font-weight: 400;\">We are familiar with Neja\u2019s artistic discourse on ships that used to transport opium from five years ago, when she performed a storytelling performance on the subject as part of the Slovenian Weekend. By performing a tea ceremony, the visual artist, poet and writer introduces us to the forgotten episodes of world history from the second half of the 19<\/span><span style=\"font-weight: 400;\">th<\/span><span style=\"font-weight: 400;\"> and early 20<\/span><span style=\"font-weight: 400;\">th<\/span><span style=\"font-weight: 400;\"> century, when the tea and opium trade were among the most lucrative in the world. At the same time, this is a story of control introduced by the great European colonial powers and powerful private corporations. Reduced to photographic \u201cevidence\u201d, this series records elements in space \u2013 monuments, inscription plaques, places where something happened of which we nowadays possess scarce information, because we have included these spaces in our everyday life in which we rarely, if ever, question individual \u201cstakes\u201d of the past. Arranged in an unbound book, these locations are presented photographically in a very general, we might say, non-burdensome manner. Yet, the burdens arise from speech, from the text, the performance during which the details of this micro-history rise to the surface, that someone finally needed to say to our faces.<\/span><\/p>\n<p><span style=\"font-weight: 400;\">Ana \u010cavi\u0107\u2019s works are visually starkly different \u2013 collages and works created by \u201ccutting up\u201d paper, a technique which post-feminist criticism will often attribute precisely to women. In their hands the scissors mercilessly cut out the unimportant, even the unwanted. Then, what remains? Visual poetry can seemingly aid us in reaching meaning, yet this verbal expression likewise relies on form, whereby the spaces between letters, signs and words are necessarily subjected to questioning.<\/span> <span style=\"font-weight: 400;\">The writings are poetic, as are the visual representations in which the roles are left to women. The artist is simultaneously a storyteller who speaks of female characters she encounters in myths, folk tales, fairy tales, legends and other literary sources. Juxtaposed to visual works are poetic writings that we can assume convey the artist\u2019s speech, or that of the (imaginary) character she depicts. All interpretations are valid, while the final meaning is subject to personal evaluations.<\/span><\/p>\n<p><span style=\"font-weight: 400;\">Both artists apply interdisciplinary practices, reach for the works of others, appropriate and modify, actualise stories from the past whose \u201cloose ends\u201d refuse to stand still. Both use visual tactics, text, capture details from the past, transmuting them into a contemporary visual language at the centre of which lie human relations burdened by colonial history, forgotten and hidden events embedded in our contemporary identities. Adroitly connecting historical periods and geographical spaces, both artists lay bare the fabric of modern society, reaching for an idiosyncratic visual and verbal female language that calls out to a desirable interlocutor.<\/span><\/p>\n<p style=\"text-align: right;\"><span style=\"font-weight: 400;\">Sandra Kri\u017ei\u0107 Roban<\/span><\/p>\n<div id=\"attachment_20717\" class=\"wp-caption alignnone\" ><img loading=\"lazy\" decoding=\"async\" width=\"1829\" height=\"2560\" class=\"wp-image-20717 size-full\" src=\"https:\/\/croatian-photography.com\/wp-content\/uploads\/2024\/02\/5.-Harpy-Celaenos-Prophecy-after-Virgils-Aeneid-2021-scaled.jpg\" alt=\"\" srcset=\"https:\/\/croatian-photography.com\/wp-content\/uploads\/2024\/02\/5.-Harpy-Celaenos-Prophecy-after-Virgils-Aeneid-2021-scaled.jpg 1829w, https:\/\/croatian-photography.com\/wp-content\/uploads\/2024\/02\/5.-Harpy-Celaenos-Prophecy-after-Virgils-Aeneid-2021-214x300.jpg 214w, https:\/\/croatian-photography.com\/wp-content\/uploads\/2024\/02\/5.-Harpy-Celaenos-Prophecy-after-Virgils-Aeneid-2021-732x1024.jpg 732w, https:\/\/croatian-photography.com\/wp-content\/uploads\/2024\/02\/5.-Harpy-Celaenos-Prophecy-after-Virgils-Aeneid-2021-768x1075.jpg 768w, https:\/\/croatian-photography.com\/wp-content\/uploads\/2024\/02\/5.-Harpy-Celaenos-Prophecy-after-Virgils-Aeneid-2021-1098x1536.jpg 1098w, https:\/\/croatian-photography.com\/wp-content\/uploads\/2024\/02\/5.-Harpy-Celaenos-Prophecy-after-Virgils-Aeneid-2021-1463x2048.jpg 1463w, https:\/\/croatian-photography.com\/wp-content\/uploads\/2024\/02\/5.-Harpy-Celaenos-Prophecy-after-Virgils-Aeneid-2021-175x245.jpg 175w, https:\/\/croatian-photography.com\/wp-content\/uploads\/2024\/02\/5.-Harpy-Celaenos-Prophecy-after-Virgils-Aeneid-2021-250x350.jpg 250w\" sizes=\"(max-width: 1829px) 100vw, 1829px\" \/><p class=\"wp-caption-text\">Ana \u010cavi\u0107, <em>Mythopoeias<\/em>, 2019.\u20132023.<\/p><\/div>\n<p>&nbsp;<\/p>\n<p><b>Ana \u010cavi\u0107<\/b><span style=\"font-weight: 400;\"> (1979) is Ljubljana-based visual artist, performance artist, poet and researcher into performance-born self-publishing practices. In her interdisciplinary artistic practice, she works across different fields and media, which includes works on paper, artist publications, performances, digital poetry animation, and digitally assisted poetry\/storytelling performances. Most recently, she has been exhibiting and performing her piece <\/span><i><span style=\"font-weight: 400;\">A thread without end<\/span><\/i><span style=\"font-weight: 400;\"> (2017-), an ongoing series of storytelling performances in discrete acts featuring original poetry and visuals in various analogue and digital formats. She has also produced a new series <\/span><i><span style=\"font-weight: 400;\">Papercut Poetry<\/span><\/i><span style=\"font-weight: 400;\"> (2020-), a collection of papercuts that function as visual poems, and a new series of collages reinterpreting female characters from myths, legends, fairy tales and literature for a contemporary audience, <\/span><i><span style=\"font-weight: 400;\">Mythopoeias<\/span><\/i><span style=\"font-weight: 400;\"> (2020-). In 2023, she released the artist book <\/span><i><span style=\"font-weight: 400;\">Mythopoeias<\/span><\/i><span style=\"font-weight: 400;\"> at Rostfrei Publishing.<\/span><\/p>\n<p style=\"text-align: left;\"><span style=\"font-weight: 400;\"><br \/>\n<b>Neja Tom\u0161i\u010d<\/b> (1982) is a visual artist whose interdisciplinary practice merges research with drawing, video, poetry and performance. By uncovering overlooked and often hidden stories from history, her passion is to rethink dominant historical narratives, research into particularities, and create situations where new understandings of the present can be formed. She has been performing the <i>Tea for Five: Opium Clippers<\/i> for the past seven years internationally. Her artist book, <i>Opium Clippers <\/i>(Rostfrei Publishing, 2018)<i>, <\/i>was awarded Best Slovenian artist book in 2017\/2018 and Best book design at the Slovenian Book Fair. She is a founding member of the Nonument Group, an art collective that maps, archives and intervenes in forgotten, abandoned or demolished 20th-century monuments, public spaces and buildings, that have undergone a change in meaning.\u00a0<\/span><\/p>\n<h2><\/h2>\n<h2><strong>Related events<\/strong><\/h2>\n<ul>\n<li><strong>Exhibition opening and guided tour<\/strong><\/li>\n<\/ul>\n<p>February, 12th 2024, 19:30, The Spot Gallery<\/p>\n<ul>\n<li><strong>A talk, presentation of photography books by the authors, poetry reading performance (Ana \u010cavi\u0107) and performance lecture (Neja Tom\u0161i\u010d)<\/strong><\/li>\n<\/ul>\n<p>March, 1st 2024, 19:00, The Spot Gallery<\/p>\n<h4><strong>Opening hours of the Spot Gallery<\/strong><\/h4>\n<p>Mon \u2013 Fri 16 \u2013 20 or by appointment<\/p>\n<p>&nbsp;<\/p>\n<h5 class=\"x11i5rnm xat24cr x1mh8g0r x1vvkbs xtlvy1s\">The exhibition is supported by Ministry of Culture and Media of the Republic of Croatia, City of Zagreb, and Kultura Nova Foundation.<\/h5>\n<p>&nbsp;<\/p>\n<p>&nbsp;<\/p>\n","protected":false},"excerpt":{"rendered":"<p>The Spot Gallery and the Office for Photography invite you to the opening of the exhibition A Sea of Myths by Slovenian artists Ana \u010cavi\u0107 and Neja Tom\u0161i\u010d, which will&#8230;<\/p>\n","protected":false},"author":9,"featured_media":20715,"comment_status":"closed","ping_status":"open","sticky":false,"template":"","format":"standard","meta":{"_acf_changed":false,"footnotes":""},"categories":[25,19],"tags":[],"class_list":{"0":"post-20723","1":"post","2":"type-post","3":"status-publish","4":"format-standard","5":"has-post-thumbnail","7":"category-actual","8":"category-spot-gallery"},"acf":[],"_links":{"self":[{"href":"https:\/\/croatian-photography.com\/en\/wp-json\/wp\/v2\/posts\/20723","targetHints":{"allow":["GET"]}}],"collection":[{"href":"https:\/\/croatian-photography.com\/en\/wp-json\/wp\/v2\/posts"}],"about":[{"href":"https:\/\/croatian-photography.com\/en\/wp-json\/wp\/v2\/types\/post"}],"author":[{"embeddable":true,"href":"https:\/\/croatian-photography.com\/en\/wp-json\/wp\/v2\/users\/9"}],"replies":[{"embeddable":true,"href":"https:\/\/croatian-photography.com\/en\/wp-json\/wp\/v2\/comments?post=20723"}],"version-history":[{"count":0,"href":"https:\/\/croatian-photography.com\/en\/wp-json\/wp\/v2\/posts\/20723\/revisions"}],"wp:featuredmedia":[{"embeddable":true,"href":"https:\/\/croatian-photography.com\/en\/wp-json\/wp\/v2\/media\/20715"}],"wp:attachment":[{"href":"https:\/\/croatian-photography.com\/en\/wp-json\/wp\/v2\/media?parent=20723"}],"wp:term":[{"taxonomy":"category","embeddable":true,"href":"https:\/\/croatian-photography.com\/en\/wp-json\/wp\/v2\/categories?post=20723"},{"taxonomy":"post_tag","embeddable":true,"href":"https:\/\/croatian-photography.com\/en\/wp-json\/wp\/v2\/tags?post=20723"}],"curies":[{"name":"wp","href":"https:\/\/api.w.org\/{rel}","templated":true}]}}